{"id":1198,"date":"2026-03-06T12:21:43","date_gmt":"2026-03-06T11:21:43","guid":{"rendered":"https:\/\/ike.eus\/?p=1198"},"modified":"2026-03-06T13:20:57","modified_gmt":"2026-03-06T12:20:57","slug":"rueda-de-prensa-sobre-el-primer-proyecto-de-ike","status":"publish","type":"post","link":"https:\/\/ike.eus\/es\/rueda-de-prensa-sobre-el-primer-proyecto-de-ike","title":{"rendered":"RUEDA DE PRENSA SOBRE EL PRIMER PROYECTO DE IKE"},"content":{"rendered":"<p>Tres a\u00f1os despu\u00e9s, hoy ha llegado el final de un dif\u00edcil camino: la Comunidad Energ\u00e9tica de Igeldo (IKE) ha puesto en marcha sus primeras placas fotovoltaicas. As\u00ed lo ha anunciado la presidenta de IKE, Nekane Urruzmendi, arropada por vecinas y vecinos e instituciones.<\/p>\n<p>IKE lleva tres a\u00f1os funcionando y en la actualidad cuenta con 78 personas socias, entre ellas seis empresas locales y dos asociaciones. Por tanto, con la puesta en marcha de estas cuatro plantas fotovoltaicas, Urruzmendi ha declarado que \u201cel consumo energ\u00e9tico de casi un tercio de las familias de Igeldo es m\u00e1s sostenible\u201d.<\/p>\n<p>As\u00ed lo han destacado tambi\u00e9n Eneko Dorronsoro, miembro de la gestora de la Entidad Local Menor de Igeldo, el concejal de Ecolog\u00eda de Donostia, I\u00f1igo Garc\u00eda, y el diputado foral de Sostenibilidad de la Diputaci\u00f3n, Jos\u00e9 Ignacio Asensio.<\/p>\n<p>Dorronsoro ha agradecido a la ciudadan\u00eda el camino recorrido y la colaboraci\u00f3n de las instituciones y, aprovechando la presencia del responsable del Ayuntamiento de Donostia en el acto, le ha pedido que las transferencias de Medio Ambiente a Igeldo se hagan de forma lo m\u00e1s inmediata posible. Garc\u00eda, en la misma direcci\u00f3n, ha destacado el protagonismo de los ciudadanos para avanzar en la transici\u00f3n ecologica. Por \u00faltimo, Asensio ha felicitado a los igeldotarras por ser un proyecto \u201cpionero\u201d. Asensio ha indicado que el proyecto ha sido apoyado desde el principio y ha recordado que se han destinado 82.000 euros para el proyecto, financi\u00e1ndose pr\u00e1cticamente en su totalidad.<\/p>\n<p>A la rueda de prensa tambi\u00e9n acudieron responsables de las Cooperativas Energ\u00e9ticas de Us\u00farbil, A\u00f1orga y Hernani con las que IKE pretende potenciar una relaci\u00f3n m\u00e1s estrecha y realizar proyectos conjuntos en el futuro.<\/p>\n<p><iframe loading=\"lazy\" title=\"PRENTSAURREKOA 2026-3-5\" width=\"500\" height=\"281\" src=\"https:\/\/www.youtube.com\/embed\/vLzElotWg00?feature=oembed\" frameborder=\"0\" allow=\"accelerometer; autoplay; clipboard-write; encrypted-media; gyroscope; picture-in-picture; web-share\" referrerpolicy=\"strict-origin-when-cross-origin\" allowfullscreen><\/iframe><\/p>\n<p>&nbsp;<\/p>\n","protected":false},"excerpt":{"rendered":"<p>Tres a\u00f1os despu\u00e9s, hoy ha llegado el final de un dif\u00edcil camino: la Comunidad Energ\u00e9tica de Igeldo (IKE) ha puesto [&hellip;]<\/p>\n","protected":false},"author":4,"featured_media":1201,"comment_status":"closed","ping_status":"closed","sticky":false,"template":"","format":"video","meta":{"footnotes":""},"categories":[3],"tags":[],"class_list":["post-1198","post","type-post","status-publish","format-video","has-post-thumbnail","hentry","category-asociacion","post_format-post-format-video"],"yoast_head":"<!-- This site is optimized with the Yoast SEO plugin v27.4 - https:\/\/yoast.com\/product\/yoast-seo-wordpress\/ -->\n<title>RUEDA DE PRENSA SOBRE EL PRIMER PROYECTO DE IKE - Igeldoko Komunitate Energetikoa<\/title>\n<meta name=\"robots\" content=\"index, follow, max-snippet:-1, max-image-preview:large, max-video-preview:-1\" \/>\n<link rel=\"canonical\" href=\"https:\/\/ike.eus\/es\/rueda-de-prensa-sobre-el-primer-proyecto-de-ike\" \/>\n<meta property=\"og:locale\" content=\"es_ES\" \/>\n<meta property=\"og:type\" content=\"article\" \/>\n<meta property=\"og:title\" content=\"RUEDA DE PRENSA SOBRE EL PRIMER PROYECTO DE IKE - Igeldoko Komunitate Energetikoa\" \/>\n<meta property=\"og:description\" content=\"Tres a\u00f1os despu\u00e9s, hoy ha llegado el final de un dif\u00edcil camino: la Comunidad Energ\u00e9tica de Igeldo (IKE) ha puesto [&hellip;]\" \/>\n<meta property=\"og:url\" content=\"https:\/\/ike.eus\/es\/rueda-de-prensa-sobre-el-primer-proyecto-de-ike\" \/>\n<meta property=\"og:site_name\" content=\"Igeldoko Komunitate Energetikoa\" \/>\n<meta property=\"article:published_time\" content=\"2026-03-06T11:21:43+00:00\" \/>\n<meta property=\"article:modified_time\" content=\"2026-03-06T12:20:57+00:00\" \/>\n<meta property=\"og:image\" content=\"https:\/\/ike.eus\/wp-content\/uploads\/IMG-20260305-WA0025.jpg\" \/>\n\t<meta property=\"og:image:width\" content=\"1600\" \/>\n\t<meta property=\"og:image:height\" content=\"1113\" \/>\n\t<meta property=\"og:image:type\" content=\"image\/jpeg\" \/>\n<meta name=\"author\" content=\"Igeldo\" \/>\n<meta name=\"twitter:card\" content=\"summary_large_image\" \/>\n<meta name=\"twitter:label1\" content=\"Escrito por\" \/>\n\t<meta name=\"twitter:data1\" content=\"Igeldo\" \/>\n\t<meta name=\"twitter:label2\" content=\"Tiempo de lectura\" \/>\n\t<meta name=\"twitter:data2\" content=\"2 minutos\" \/>\n<script type=\"application\/ld+json\" class=\"yoast-schema-graph\">{\"@context\":\"https:\\\/\\\/schema.org\",\"@graph\":[{\"@type\":\"Article\",\"@id\":\"https:\\\/\\\/ike.eus\\\/es\\\/rueda-de-prensa-sobre-el-primer-proyecto-de-ike#article\",\"isPartOf\":{\"@id\":\"https:\\\/\\\/ike.eus\\\/es\\\/rueda-de-prensa-sobre-el-primer-proyecto-de-ike\"},\"author\":{\"name\":\"Igeldo\",\"@id\":\"https:\\\/\\\/ike.eus\\\/es\\\/#\\\/schema\\\/person\\\/fad970beb1999e73a2104dbfe5ef45b6\"},\"headline\":\"RUEDA DE PRENSA SOBRE EL PRIMER PROYECTO DE IKE\",\"datePublished\":\"2026-03-06T11:21:43+00:00\",\"dateModified\":\"2026-03-06T12:20:57+00:00\",\"mainEntityOfPage\":{\"@id\":\"https:\\\/\\\/ike.eus\\\/es\\\/rueda-de-prensa-sobre-el-primer-proyecto-de-ike\"},\"wordCount\":316,\"publisher\":{\"@id\":\"https:\\\/\\\/ike.eus\\\/es\\\/#organization\"},\"image\":{\"@id\":\"https:\\\/\\\/ike.eus\\\/es\\\/rueda-de-prensa-sobre-el-primer-proyecto-de-ike#primaryimage\"},\"thumbnailUrl\":\"https:\\\/\\\/ike.eus\\\/wp-content\\\/uploads\\\/IMG-20260305-WA0025.jpg\",\"articleSection\":[\"La asociaci\u00f3n\"],\"inLanguage\":\"es\"},{\"@type\":\"WebPage\",\"@id\":\"https:\\\/\\\/ike.eus\\\/es\\\/rueda-de-prensa-sobre-el-primer-proyecto-de-ike\",\"url\":\"https:\\\/\\\/ike.eus\\\/es\\\/rueda-de-prensa-sobre-el-primer-proyecto-de-ike\",\"name\":\"RUEDA DE PRENSA SOBRE EL PRIMER PROYECTO DE IKE - Igeldoko Komunitate Energetikoa\",\"isPartOf\":{\"@id\":\"https:\\\/\\\/ike.eus\\\/es\\\/#website\"},\"primaryImageOfPage\":{\"@id\":\"https:\\\/\\\/ike.eus\\\/es\\\/rueda-de-prensa-sobre-el-primer-proyecto-de-ike#primaryimage\"},\"image\":{\"@id\":\"https:\\\/\\\/ike.eus\\\/es\\\/rueda-de-prensa-sobre-el-primer-proyecto-de-ike#primaryimage\"},\"thumbnailUrl\":\"https:\\\/\\\/ike.eus\\\/wp-content\\\/uploads\\\/IMG-20260305-WA0025.jpg\",\"datePublished\":\"2026-03-06T11:21:43+00:00\",\"dateModified\":\"2026-03-06T12:20:57+00:00\",\"breadcrumb\":{\"@id\":\"https:\\\/\\\/ike.eus\\\/es\\\/rueda-de-prensa-sobre-el-primer-proyecto-de-ike#breadcrumb\"},\"inLanguage\":\"es\",\"potentialAction\":[{\"@type\":\"ReadAction\",\"target\":[\"https:\\\/\\\/ike.eus\\\/es\\\/rueda-de-prensa-sobre-el-primer-proyecto-de-ike\"]}]},{\"@type\":\"ImageObject\",\"inLanguage\":\"es\",\"@id\":\"https:\\\/\\\/ike.eus\\\/es\\\/rueda-de-prensa-sobre-el-primer-proyecto-de-ike#primaryimage\",\"url\":\"https:\\\/\\\/ike.eus\\\/wp-content\\\/uploads\\\/IMG-20260305-WA0025.jpg\",\"contentUrl\":\"https:\\\/\\\/ike.eus\\\/wp-content\\\/uploads\\\/IMG-20260305-WA0025.jpg\",\"width\":1600,\"height\":1113},{\"@type\":\"BreadcrumbList\",\"@id\":\"https:\\\/\\\/ike.eus\\\/es\\\/rueda-de-prensa-sobre-el-primer-proyecto-de-ike#breadcrumb\",\"itemListElement\":[{\"@type\":\"ListItem\",\"position\":1,\"name\":\"Home\",\"item\":\"https:\\\/\\\/ike.eus\\\/es\"},{\"@type\":\"ListItem\",\"position\":2,\"name\":\"RUEDA DE PRENSA SOBRE EL PRIMER PROYECTO DE IKE\"}]},{\"@type\":\"WebSite\",\"@id\":\"https:\\\/\\\/ike.eus\\\/es\\\/#website\",\"url\":\"https:\\\/\\\/ike.eus\\\/es\\\/\",\"name\":\"Igeldoko Komunitate Energetikoa\",\"description\":\"\",\"publisher\":{\"@id\":\"https:\\\/\\\/ike.eus\\\/es\\\/#organization\"},\"potentialAction\":[{\"@type\":\"SearchAction\",\"target\":{\"@type\":\"EntryPoint\",\"urlTemplate\":\"https:\\\/\\\/ike.eus\\\/es\\\/?s={search_term_string}\"},\"query-input\":{\"@type\":\"PropertyValueSpecification\",\"valueRequired\":true,\"valueName\":\"search_term_string\"}}],\"inLanguage\":\"es\"},{\"@type\":\"Organization\",\"@id\":\"https:\\\/\\\/ike.eus\\\/es\\\/#organization\",\"name\":\"Igeldoko Komunitate Energetikoa\",\"url\":\"https:\\\/\\\/ike.eus\\\/es\\\/\",\"logo\":{\"@type\":\"ImageObject\",\"inLanguage\":\"es\",\"@id\":\"https:\\\/\\\/ike.eus\\\/es\\\/#\\\/schema\\\/logo\\\/image\\\/\",\"url\":\"https:\\\/\\\/ike.eus\\\/wp-content\\\/uploads\\\/Igeldoko-Komunitate-Energetikoa-logoa.png\",\"contentUrl\":\"https:\\\/\\\/ike.eus\\\/wp-content\\\/uploads\\\/Igeldoko-Komunitate-Energetikoa-logoa.png\",\"width\":547,\"height\":127,\"caption\":\"Igeldoko Komunitate Energetikoa\"},\"image\":{\"@id\":\"https:\\\/\\\/ike.eus\\\/es\\\/#\\\/schema\\\/logo\\\/image\\\/\"}},{\"@type\":\"Person\",\"@id\":\"https:\\\/\\\/ike.eus\\\/es\\\/#\\\/schema\\\/person\\\/fad970beb1999e73a2104dbfe5ef45b6\",\"name\":\"Igeldo\",\"image\":{\"@type\":\"ImageObject\",\"inLanguage\":\"es\",\"@id\":\"https:\\\/\\\/secure.gravatar.com\\\/avatar\\\/f28e26ef43a68f92141bd41a00b76a9b6f82b1a1717dd9804f709433cc6ef977?s=96&d=mm&r=g\",\"url\":\"https:\\\/\\\/secure.gravatar.com\\\/avatar\\\/f28e26ef43a68f92141bd41a00b76a9b6f82b1a1717dd9804f709433cc6ef977?s=96&d=mm&r=g\",\"contentUrl\":\"https:\\\/\\\/secure.gravatar.com\\\/avatar\\\/f28e26ef43a68f92141bd41a00b76a9b6f82b1a1717dd9804f709433cc6ef977?s=96&d=mm&r=g\",\"caption\":\"Igeldo\"}}]}<\/script>\n<!-- \/ Yoast SEO plugin. -->","yoast_head_json":{"title":"RUEDA DE PRENSA SOBRE EL PRIMER PROYECTO DE IKE - Igeldoko Komunitate Energetikoa","robots":{"index":"index","follow":"follow","max-snippet":"max-snippet:-1","max-image-preview":"max-image-preview:large","max-video-preview":"max-video-preview:-1"},"canonical":"https:\/\/ike.eus\/es\/rueda-de-prensa-sobre-el-primer-proyecto-de-ike","og_locale":"es_ES","og_type":"article","og_title":"RUEDA DE PRENSA SOBRE EL PRIMER PROYECTO DE IKE - Igeldoko Komunitate Energetikoa","og_description":"Tres a\u00f1os despu\u00e9s, hoy ha llegado el final de un dif\u00edcil camino: la Comunidad Energ\u00e9tica de Igeldo (IKE) ha puesto [&hellip;]","og_url":"https:\/\/ike.eus\/es\/rueda-de-prensa-sobre-el-primer-proyecto-de-ike","og_site_name":"Igeldoko Komunitate Energetikoa","article_published_time":"2026-03-06T11:21:43+00:00","article_modified_time":"2026-03-06T12:20:57+00:00","og_image":[{"width":1600,"height":1113,"url":"https:\/\/ike.eus\/wp-content\/uploads\/IMG-20260305-WA0025.jpg","type":"image\/jpeg"}],"author":"Igeldo","twitter_card":"summary_large_image","twitter_misc":{"Escrito por":"Igeldo","Tiempo de lectura":"2 minutos"},"schema":{"@context":"https:\/\/schema.org","@graph":[{"@type":"Article","@id":"https:\/\/ike.eus\/es\/rueda-de-prensa-sobre-el-primer-proyecto-de-ike#article","isPartOf":{"@id":"https:\/\/ike.eus\/es\/rueda-de-prensa-sobre-el-primer-proyecto-de-ike"},"author":{"name":"Igeldo","@id":"https:\/\/ike.eus\/es\/#\/schema\/person\/fad970beb1999e73a2104dbfe5ef45b6"},"headline":"RUEDA DE PRENSA SOBRE EL PRIMER PROYECTO DE IKE","datePublished":"2026-03-06T11:21:43+00:00","dateModified":"2026-03-06T12:20:57+00:00","mainEntityOfPage":{"@id":"https:\/\/ike.eus\/es\/rueda-de-prensa-sobre-el-primer-proyecto-de-ike"},"wordCount":316,"publisher":{"@id":"https:\/\/ike.eus\/es\/#organization"},"image":{"@id":"https:\/\/ike.eus\/es\/rueda-de-prensa-sobre-el-primer-proyecto-de-ike#primaryimage"},"thumbnailUrl":"https:\/\/ike.eus\/wp-content\/uploads\/IMG-20260305-WA0025.jpg","articleSection":["La asociaci\u00f3n"],"inLanguage":"es"},{"@type":"WebPage","@id":"https:\/\/ike.eus\/es\/rueda-de-prensa-sobre-el-primer-proyecto-de-ike","url":"https:\/\/ike.eus\/es\/rueda-de-prensa-sobre-el-primer-proyecto-de-ike","name":"RUEDA DE PRENSA SOBRE EL PRIMER PROYECTO DE IKE - Igeldoko Komunitate Energetikoa","isPartOf":{"@id":"https:\/\/ike.eus\/es\/#website"},"primaryImageOfPage":{"@id":"https:\/\/ike.eus\/es\/rueda-de-prensa-sobre-el-primer-proyecto-de-ike#primaryimage"},"image":{"@id":"https:\/\/ike.eus\/es\/rueda-de-prensa-sobre-el-primer-proyecto-de-ike#primaryimage"},"thumbnailUrl":"https:\/\/ike.eus\/wp-content\/uploads\/IMG-20260305-WA0025.jpg","datePublished":"2026-03-06T11:21:43+00:00","dateModified":"2026-03-06T12:20:57+00:00","breadcrumb":{"@id":"https:\/\/ike.eus\/es\/rueda-de-prensa-sobre-el-primer-proyecto-de-ike#breadcrumb"},"inLanguage":"es","potentialAction":[{"@type":"ReadAction","target":["https:\/\/ike.eus\/es\/rueda-de-prensa-sobre-el-primer-proyecto-de-ike"]}]},{"@type":"ImageObject","inLanguage":"es","@id":"https:\/\/ike.eus\/es\/rueda-de-prensa-sobre-el-primer-proyecto-de-ike#primaryimage","url":"https:\/\/ike.eus\/wp-content\/uploads\/IMG-20260305-WA0025.jpg","contentUrl":"https:\/\/ike.eus\/wp-content\/uploads\/IMG-20260305-WA0025.jpg","width":1600,"height":1113},{"@type":"BreadcrumbList","@id":"https:\/\/ike.eus\/es\/rueda-de-prensa-sobre-el-primer-proyecto-de-ike#breadcrumb","itemListElement":[{"@type":"ListItem","position":1,"name":"Home","item":"https:\/\/ike.eus\/es"},{"@type":"ListItem","position":2,"name":"RUEDA DE PRENSA SOBRE EL PRIMER PROYECTO DE IKE"}]},{"@type":"WebSite","@id":"https:\/\/ike.eus\/es\/#website","url":"https:\/\/ike.eus\/es\/","name":"Igeldoko Komunitate Energetikoa","description":"","publisher":{"@id":"https:\/\/ike.eus\/es\/#organization"},"potentialAction":[{"@type":"SearchAction","target":{"@type":"EntryPoint","urlTemplate":"https:\/\/ike.eus\/es\/?s={search_term_string}"},"query-input":{"@type":"PropertyValueSpecification","valueRequired":true,"valueName":"search_term_string"}}],"inLanguage":"es"},{"@type":"Organization","@id":"https:\/\/ike.eus\/es\/#organization","name":"Igeldoko Komunitate Energetikoa","url":"https:\/\/ike.eus\/es\/","logo":{"@type":"ImageObject","inLanguage":"es","@id":"https:\/\/ike.eus\/es\/#\/schema\/logo\/image\/","url":"https:\/\/ike.eus\/wp-content\/uploads\/Igeldoko-Komunitate-Energetikoa-logoa.png","contentUrl":"https:\/\/ike.eus\/wp-content\/uploads\/Igeldoko-Komunitate-Energetikoa-logoa.png","width":547,"height":127,"caption":"Igeldoko Komunitate Energetikoa"},"image":{"@id":"https:\/\/ike.eus\/es\/#\/schema\/logo\/image\/"}},{"@type":"Person","@id":"https:\/\/ike.eus\/es\/#\/schema\/person\/fad970beb1999e73a2104dbfe5ef45b6","name":"Igeldo","image":{"@type":"ImageObject","inLanguage":"es","@id":"https:\/\/secure.gravatar.com\/avatar\/f28e26ef43a68f92141bd41a00b76a9b6f82b1a1717dd9804f709433cc6ef977?s=96&d=mm&r=g","url":"https:\/\/secure.gravatar.com\/avatar\/f28e26ef43a68f92141bd41a00b76a9b6f82b1a1717dd9804f709433cc6ef977?s=96&d=mm&r=g","contentUrl":"https:\/\/secure.gravatar.com\/avatar\/f28e26ef43a68f92141bd41a00b76a9b6f82b1a1717dd9804f709433cc6ef977?s=96&d=mm&r=g","caption":"Igeldo"}}]}},"_links":{"self":[{"href":"https:\/\/ike.eus\/es\/wp-json\/wp\/v2\/posts\/1198","targetHints":{"allow":["GET"]}}],"collection":[{"href":"https:\/\/ike.eus\/es\/wp-json\/wp\/v2\/posts"}],"about":[{"href":"https:\/\/ike.eus\/es\/wp-json\/wp\/v2\/types\/post"}],"author":[{"embeddable":true,"href":"https:\/\/ike.eus\/es\/wp-json\/wp\/v2\/users\/4"}],"replies":[{"embeddable":true,"href":"https:\/\/ike.eus\/es\/wp-json\/wp\/v2\/comments?post=1198"}],"version-history":[{"count":2,"href":"https:\/\/ike.eus\/es\/wp-json\/wp\/v2\/posts\/1198\/revisions"}],"predecessor-version":[{"id":1200,"href":"https:\/\/ike.eus\/es\/wp-json\/wp\/v2\/posts\/1198\/revisions\/1200"}],"wp:featuredmedia":[{"embeddable":true,"href":"https:\/\/ike.eus\/es\/wp-json\/wp\/v2\/media\/1201"}],"wp:attachment":[{"href":"https:\/\/ike.eus\/es\/wp-json\/wp\/v2\/media?parent=1198"}],"wp:term":[{"taxonomy":"category","embeddable":true,"href":"https:\/\/ike.eus\/es\/wp-json\/wp\/v2\/categories?post=1198"},{"taxonomy":"post_tag","embeddable":true,"href":"https:\/\/ike.eus\/es\/wp-json\/wp\/v2\/tags?post=1198"}],"curies":[{"name":"wp","href":"https:\/\/api.w.org\/{rel}","templated":true}]}}